{"id":4046,"date":"2025-02-03T17:22:57","date_gmt":"2025-02-03T16:22:57","guid":{"rendered":"https:\/\/www.versicherungstarife.info\/news\/?p=4046"},"modified":"2025-02-03T17:22:57","modified_gmt":"2025-02-03T16:22:57","slug":"vermittlerinnen-setzen-auf-cdu-csu-und-fdp-bei-der-rentenreform","status":"publish","type":"post","link":"https:\/\/www.versicherungstarife.info\/news\/vermittlerinnen-setzen-auf-cdu-csu-und-fdp-bei-der-rentenreform.htm","title":{"rendered":"Vermittler*innen setzen auf CDU\/CSU und FDP bei der Rentenreform"},"content":{"rendered":"<div class=\"more-space\"><img loading=\"lazy\" decoding=\"async\" class=\"alignnone size-full wp-image-3747\" src=\"https:\/\/www.versicherungstarife.info\/news\/wp-content\/uploads\/2019\/07\/Deutschland-Karte.jpg\n\" alt=\"Vermittler*innen setzen auf CDU\/CSU und FDP bei der Rentenreform\" width=\"668\" height=\"719\" \/><\/div>\n<p>&nbsp;<\/p>\n<p><strong>Die geplante Reform der privaten Altersvorsorge spielt im aktuellen Bundestagswahlkampf eine untergeordnete Rolle. Dennoch h\u00e4tte die Einf\u00fchrung eines Altersvorsorgedepots neue Perspektiven<\/strong>. F\u00fcr zuk\u00fcnftige Reformen in der Rentenpolitik nach den anstehenden Neuwahlen vertrauen Vermittler*innen besonders auf CDU\/CSU und FDP. Das zeigt eine Umfrage des Instituts f\u00fcr Vorsorge und Finanzplanung (IVFP).<\/p>\n<h4><\/h4>\n<h4>Stillstand der Rentenreform nach Ampel-Aus<\/h4>\n<p>Bei der Bundestagswahl am 23. Februar entscheiden die Deutschen auch \u00fcber die Zukunft der von Ex-Bundesfinanzminister Christian Lindner (FDP) geplanten Reform der <a href=\"https:\/\/www.versicherungstarife.info\/rente-vorsorge\/altersvorsorge.htm\">privaten Altersvorsorge<\/a>. Diese ist nach dem Ende der Ampelkoalition im Herbst vergangenen Jahres zum Stillstand gekommen.<\/p>\n<p>Viele Versicherungsvermittlerinnen und -vermittler bedauern diesen Stillstand, wie die im Dezember durchgef\u00fchrte Maklerumfrage des IVFP zeigt. Rund 60 Prozent der Befragten h\u00e4tten das vorgesehene Altersvorsorgedepot begr\u00fc\u00dft.<\/p>\n<h4><\/h4>\n<h4>Wer wurde befragt?<\/h4>\n<p>Die Teilnehmer*innen der Online-Umfrage sind \u00fcberwiegend als Versicherungsmakler*innen registriert (70,2 Prozent). Hinzu kommen Mehrfach- oder gebundene Vertreter*innen (18,1 beziehungsweise 8,5 Prozent) sowie die selteneren Versicherungsberater*innen (2,1 Prozent).<\/p>\n<h4><\/h4>\n<h4>Vertrauen in CDU\/CSU und FDP<\/h4>\n<p>Um die liegengebliebenen Reformen nach den anstehenden Neuwahlen anzugehen, trauen die Vermittler*innen dem sogenannten b\u00fcrgerlichen Lager am meisten zu. CDU\/CSU und FDP erhalten bei dieser Frage jeweils 44,1 Prozent Zustimmung.<\/p>\n<p>Es folgen B\u00fcndnis 90\/Die Gr\u00fcnen mit 5,1 Prozent vor der AfD und dem BSW (jeweils 1,7 Prozent). SPD und Die Linke genie\u00dfen in diesem Punkt kein Vertrauen der Versicherungsvermittler*innen (jeweils null Prozent). Auf die \u00fcbrigen Parteien entfallen insgesamt 3,3 Prozent.<\/p>\n<h4><\/h4>\n<h4>Auswirkungen auf den Markt<\/h4>\n<p>Auf die Nachfrage deutscher Verbraucher*innen nach <a href=\"https:\/\/www.versicherungstarife.info\/rente-vorsorge\/altersvorsorge.htm\">Finanzprodukten zur Altersvorsorge<\/a> wirkt sich das Scheitern der Rentenreform nach dem Aus der Ampelkoalition jedoch kaum aus, sagen vier von f\u00fcnf Vermittler*innen. W\u00e4hrend 7,9 Prozent der Befragten sogar eine erh\u00f6hte Nachfrage voraussagen, rechnen nur 6,6 Prozent mit einem verminderten Kundeninteresse.<\/p>\n<p>Aktuell beraten die Befragten ihre Kundinnen und Kunden besonders oft zur Versicherungsart <a href=\"https:\/\/www.versicherungstarife.info\/rente-vorsorge\/rentenversicherung\/klassische-rentenversicherung.htm\">private Rentenversicherung<\/a>. 81 Prozent geben an, dass sie mindestens einmal pro Monat hier\u00fcber mit Verbraucherinnen und Verbrauchern ins Gespr\u00e4ch kommen. Erst mit Abstand folgen die <a href=\"https:\/\/www.versicherungstarife.info\/rente-vorsorge\/riester-rente.htm\">Basisrente<\/a> und die <a href=\"https:\/\/www.versicherungstarife.info\/rente-vorsorge\/betriebliche-altersvorsorge.htm\">betriebliche Altersversorgung (bAV)<\/a> mit 56 beziehungsweise 50 Prozent.<\/p>\n<h4><\/h4>\n<h4>Die Zukunft der Altersvorsorge<\/h4>\n<p>Zum Vergleich: Die nach einhelliger Expertenmeinung reformbed\u00fcrftige Riester-Rente spielt in der Beratungspraxis eine geringere Rolle. Nur 35 Prozent der Vermittlerinnen und Vermittler thematisieren sie mindestens einmal pro Monat mit ihren Kundinnen und Kunden.<\/p>\n<p>Die Umfrage des IVFP zeigt deutlich, dass Versicherungsvermittlerinnen und -vermittler bei zuk\u00fcnftigen Rentenreformen auf die Kompetenz von CDU\/CSU und FDP setzen. Sie erhoffen sich von diesen Parteien die Umsetzung notwendiger Reformen in der privaten Altersvorsorge.<\/p>\n<p>Es bleibt abzuwarten, wie sich die politische Landschaft nach der Bundestagswahl entwickelt und welche Auswirkungen dies auf die Rentenpolitik haben wird. Die Versicherungsbranche wird die Entwicklungen genau beobachten und entsprechend reagieren.<\/p>\n<p>F\u00fcr die Vermittlerinnen und Vermittler ist es entscheidend, ihre Kundinnen und Kunden weiterhin umfassend und kompetent zu beraten. Dabei m\u00fcssen sie sowohl aktuelle gesetzliche Rahmenbedingungen als auch m\u00f6gliche zuk\u00fcnftige Reformen im Blick behalten.<\/p>\n<h4><\/h4>\n<h4>Fazit<\/h4>\n<p><strong>Die Bedeutung der privaten Altersvorsorge wird in den kommenden Jahren voraussichtlich weiter zunehmen.<\/strong> Daher ist es f\u00fcr Vermittlerinnen und Vermittler unerl\u00e4sslich, sich kontinuierlich fortzubilden und auf dem neuesten Stand der Entwicklungen zu bleiben.<\/p>\n<p>Nur so k\u00f6nnen sie ihren Kundinnen und Kunden die bestm\u00f6gliche Beratung bieten und gemeinsam <a href=\"https:\/\/www.versicherungstarife.info\/rente-vorsorge\/altersvorsorge\/vergleich.htm\">passende L\u00f6sungen f\u00fcr die individuelle Altersvorsorge<\/a> finden.<\/p>\n<p>Die politischen Entscheidungen der kommenden Monate werden ma\u00dfgeblich beeinflussen, wie sich der Markt f\u00fcr Altersvorsorgeprodukte entwickelt. Vermittlerinnen und Vermittler sollten daher die politischen Entwicklungen aufmerksam verfolgen und ihre Beratung entsprechend anpassen.<\/p>\n<p>Insgesamt zeigt die Umfrage des IVFP, dass die Versicherungsvermittlerinnen und -vermittler klare Pr\u00e4ferenzen hinsichtlich der politischen Parteien haben, denen sie die gr\u00f6\u00dfte Kompetenz bei der Umsetzung von Rentenreformen zutrauen. Es bleibt spannend, wie sich diese Erwartungen in der Praxis erf\u00fcllen werden.<\/p>\n<div><div class=\"tariflink\">\n\t<div class=\"hidden-xs hidden-sm col-md-6 col-lg-4 no-padding\">\n\t\t<div class=\"col-lg-3 col-sm-3 col-md-4 img_ssl img_ssl_footer\"><\/div>\n\t\t<div class=\"col-lg-9 col-sm-9 col-md-8 ssl_footer_text\">Ihre pers\u00f6nlichen Angaben werden \u00fcber eine sichere Verbindung (SSL) gesendet!<\/div>\n\t<\/div>\n\t<div class=\"col-xlg-8 col-lg-8 col-md-6 no-padding\">\n\t\t<a href=\"\/rente-vorsorge\/rentenversicherung\/vergleich.htm\" class=\"btn btn-warning btn-lg btn-block col-lg-12\"><i class=\"fa fa-calculator margin_r5\" aria-hidden=\"true\"><\/i> <span class=\"hidden-md\">Hier die <\/span>Tarife<span class=\"hidden-xs hidden-md\"> der Rentenversicherung<\/span> vergleichen <i class=\"fa fa-chevron-right fa-lg margin_l5\" aria-hidden=\"true\"><\/i><\/a>\n\t<\/div>\n\t<div class=\"clearfix\"><\/div>\n<\/div><\/div>\n","protected":false},"excerpt":{"rendered":"<p>&nbsp; Die geplante Reform der privaten Altersvorsorge spielt im aktuellen Bundestagswahlkampf eine untergeordnete Rolle. Dennoch h\u00e4tte die Einf\u00fchrung eines Altersvorsorgedepots neue Perspektiven. F\u00fcr zuk\u00fcnftige Reformen in der Rentenpolitik nach den anstehenden Neuwahlen vertrauen Vermittler*innen besonders auf CDU\/CSU und FDP. Das &hellip; <a class=\"kt-excerpt-readmore more-link\" href=\"https:\/\/www.versicherungstarife.info\/news\/vermittlerinnen-setzen-auf-cdu-csu-und-fdp-bei-der-rentenreform.htm\" aria-label=\"Vermittler*innen setzen auf CDU\/CSU und FDP bei der Rentenreform\">Alles lesen<\/a><\/p>\n","protected":false},"author":3,"featured_media":751,"comment_status":"closed","ping_status":"open","sticky":false,"template":"","format":"standard","meta":{"kt_blocks_editor_width":"","footnotes":""},"categories":[153,1,54,42,65],"tags":[50,219,235],"class_list":["post-4046","post","type-post","status-publish","format-standard","has-post-thumbnail","hentry","category-aktuell-allgemein","category-allgemein","category-altersvorsorge","category-rente-vorsorge","category-trends","tag-altersvorsorge","tag-private-rentenversicherung","tag-rentenreform"],"aioseo_notices":[],"_links":{"self":[{"href":"https:\/\/www.versicherungstarife.info\/news\/wp-json\/wp\/v2\/posts\/4046","targetHints":{"allow":["GET"]}}],"collection":[{"href":"https:\/\/www.versicherungstarife.info\/news\/wp-json\/wp\/v2\/posts"}],"about":[{"href":"https:\/\/www.versicherungstarife.info\/news\/wp-json\/wp\/v2\/types\/post"}],"author":[{"embeddable":true,"href":"https:\/\/www.versicherungstarife.info\/news\/wp-json\/wp\/v2\/users\/3"}],"replies":[{"embeddable":true,"href":"https:\/\/www.versicherungstarife.info\/news\/wp-json\/wp\/v2\/comments?post=4046"}],"version-history":[{"count":0,"href":"https:\/\/www.versicherungstarife.info\/news\/wp-json\/wp\/v2\/posts\/4046\/revisions"}],"wp:featuredmedia":[{"embeddable":true,"href":"https:\/\/www.versicherungstarife.info\/news\/wp-json\/wp\/v2\/media\/751"}],"wp:attachment":[{"href":"https:\/\/www.versicherungstarife.info\/news\/wp-json\/wp\/v2\/media?parent=4046"}],"wp:term":[{"taxonomy":"category","embeddable":true,"href":"https:\/\/www.versicherungstarife.info\/news\/wp-json\/wp\/v2\/categories?post=4046"},{"taxonomy":"post_tag","embeddable":true,"href":"https:\/\/www.versicherungstarife.info\/news\/wp-json\/wp\/v2\/tags?post=4046"}],"curies":[{"name":"wp","href":"https:\/\/api.w.org\/{rel}","templated":true}]}}